{"id":6678,"date":"2025-12-01T21:20:35","date_gmt":"2025-12-02T00:20:35","guid":{"rendered":"https:\/\/curacodevelez.cl\/web\/?p=6678"},"modified":"2025-12-01T21:20:36","modified_gmt":"2025-12-02T00:20:36","slug":"curaco-de-velez-conmemoro-el-dia-internacional-de-los-derechos-de-ninos-ninas-y-adolescentes-con-feria-educativa-y-participativa","status":"publish","type":"post","link":"https:\/\/curacodevelez.cl\/web\/curaco-de-velez-conmemoro-el-dia-internacional-de-los-derechos-de-ninos-ninas-y-adolescentes-con-feria-educativa-y-participativa\/","title":{"rendered":"Curaco de V\u00e9lez conmemor\u00f3 el D\u00eda Internacional de los Derechos de Ni\u00f1os, Ni\u00f1as y Adolescentes con feria educativa y participativa"},"content":{"rendered":"\n<p><\/p>\n\n\n\n<p><a><\/a>Con motivo de la conmemoraci\u00f3n del D\u00eda Internacional de los Derechos de Ni\u00f1os y Ni\u00f1as, se realiz\u00f3 la Feria por los Derechos en Curaco de V\u00e9lez, instancia coordinada por la Ilustre Municipalidad y la Oficina Local de la Ni\u00f1ez, con la participaci\u00f3n de diversas instituciones y servicios dedicados a la protecci\u00f3n y promoci\u00f3n de la infancia y adolescencia.<\/p>\n\n\n\n<p>La actividad cont\u00f3 con stands informativos, de difusi\u00f3n y sensibilizaci\u00f3n, donde cada organizaci\u00f3n represent\u00f3 distintos derechos de la ni\u00f1ez. Entre ellas participaron Promoci\u00f3n de Salud, Vida Sana, Salud Mental, Sala de Estimulaci\u00f3n, Habilidades para la Vida I, Oficina de Deportes, Oficina de Medioambiente, Seguridad P\u00fablica, Bomberos, Agrupaci\u00f3n Co-creando Mundos Neurodivergentes, Oficina de Registro Civil e Instituto Nacional de Derechos Humanos, quienes colaboraron para generar una experiencia educativa y comunitaria.<\/p>\n\n\n\n<p>Ni\u00f1os, ni\u00f1as y adolescentes del Liceo Alfredo Barr\u00eda Oyarz\u00fan y de las escuelas Huyar Alto, Huyar Bajo, Tolqui\u00e9n, Chullec, Domingo Faustino Sarmiento y Huenao participaron activamente de la jornada.<\/p>\n\n\n\n<p>Desde la organizaci\u00f3n se\u00f1alaron que esta instancia reafirma el compromiso permanente con el cuidado, protecci\u00f3n y garant\u00eda de derechos de las infancias de la comuna, labor que requiere del trabajo conjunto entre instituciones y comunidad.<\/p>\n","protected":false},"excerpt":{"rendered":"<p>Con motivo de la conmemoraci\u00f3n del D\u00eda Internacional de los Derechos de Ni\u00f1os y Ni\u00f1as, se realiz\u00f3 la Feria por los Derechos en Curaco de V\u00e9lez, instancia coordinada por la Ilustre Municipalidad y la Oficina Local de la Ni\u00f1ez, con la participaci\u00f3n de diversas instituciones y servicios dedicados a la protecci\u00f3n y promoci\u00f3n de la [&hellip;]<\/p>\n","protected":false},"author":2,"featured_media":6679,"comment_status":"closed","ping_status":"closed","sticky":false,"template":"","format":"standard","meta":{"footnotes":""},"categories":[21],"tags":[],"class_list":["post-6678","post","type-post","status-publish","format-standard","has-post-thumbnail","hentry","category-noticias"],"_links":{"self":[{"href":"https:\/\/curacodevelez.cl\/web\/wp-json\/wp\/v2\/posts\/6678","targetHints":{"allow":["GET"]}}],"collection":[{"href":"https:\/\/curacodevelez.cl\/web\/wp-json\/wp\/v2\/posts"}],"about":[{"href":"https:\/\/curacodevelez.cl\/web\/wp-json\/wp\/v2\/types\/post"}],"author":[{"embeddable":true,"href":"https:\/\/curacodevelez.cl\/web\/wp-json\/wp\/v2\/users\/2"}],"replies":[{"embeddable":true,"href":"https:\/\/curacodevelez.cl\/web\/wp-json\/wp\/v2\/comments?post=6678"}],"version-history":[{"count":1,"href":"https:\/\/curacodevelez.cl\/web\/wp-json\/wp\/v2\/posts\/6678\/revisions"}],"predecessor-version":[{"id":6680,"href":"https:\/\/curacodevelez.cl\/web\/wp-json\/wp\/v2\/posts\/6678\/revisions\/6680"}],"wp:featuredmedia":[{"embeddable":true,"href":"https:\/\/curacodevelez.cl\/web\/wp-json\/wp\/v2\/media\/6679"}],"wp:attachment":[{"href":"https:\/\/curacodevelez.cl\/web\/wp-json\/wp\/v2\/media?parent=6678"}],"wp:term":[{"taxonomy":"category","embeddable":true,"href":"https:\/\/curacodevelez.cl\/web\/wp-json\/wp\/v2\/categories?post=6678"},{"taxonomy":"post_tag","embeddable":true,"href":"https:\/\/curacodevelez.cl\/web\/wp-json\/wp\/v2\/tags?post=6678"}],"curies":[{"name":"wp","href":"https:\/\/api.w.org\/{rel}","templated":true}]}}