{"id":6675,"date":"2025-12-01T21:18:41","date_gmt":"2025-12-02T00:18:41","guid":{"rendered":"https:\/\/curacodevelez.cl\/web\/?p=6675"},"modified":"2025-12-01T21:18:42","modified_gmt":"2025-12-02T00:18:42","slug":"curaco-de-velez-impulsa-sistema-de-reutilizacion-de-aguas-grises-para-riego-agricola-mediante-humedal-artificial","status":"publish","type":"post","link":"https:\/\/curacodevelez.cl\/web\/curaco-de-velez-impulsa-sistema-de-reutilizacion-de-aguas-grises-para-riego-agricola-mediante-humedal-artificial\/","title":{"rendered":"Curaco de V\u00e9lez impulsa sistema de reutilizaci\u00f3n de aguas grises para riego agr\u00edcola mediante humedal artificial"},"content":{"rendered":"\n<p><\/p>\n\n\n\n<p><a><\/a>Se trata de un innovador sistema de reutilizaci\u00f3n de aguas grises para riego agr\u00edcola, implementado en el sector Huyar Alto a trav\u00e9s de un humedal artificial de 200 metros cuadrados, desarrollado por el Programa PRODESAL de la Municipalidad e INDAP, en el marco del Plan de Trabajo Anual 2025. La iniciativa busca enfrentar el d\u00e9ficit h\u00eddrico mediante una alternativa sustentable capaz de reducir en un 97% la materia org\u00e1nica presente en aguas residuales y eliminar el 95% de los olores, permitiendo su reutilizaci\u00f3n segura en cultivos y \u00e1reas verdes. Todo esto en el predio de la se\u00f1ora Mar\u00eda Paredes Vel\u00e1squez.<\/p>\n\n\n\n<p>La alcaldesa Javiera Y\u00e1\u00f1ez Rebolledo destac\u00f3 el valor ambiental y comunitario del proyecto, afirmando que \"es un avance concreto para Curaco de V\u00e9lez. Nos permite cuidar el agua, proteger el medioambiente y mejorar la calidad de vida de quienes viven en el sector rural. Adem\u00e1s, abre oportunidades para la educaci\u00f3n ambiental, el turismo sustentable y la adaptaci\u00f3n frente a la crisis clim\u00e1tica. Es un paso importante hacia un desarrollo responsable, con identidad local y pensando en las futuras generaciones.\u201d<\/p>\n\n\n\n<p>Por tal motivo, se efectu\u00f3 la presentaci\u00f3n de esta iniciativa, la que cont\u00f3 con la participaci\u00f3n de m\u00e1s de 40 agricultores, junto a autoridades comunales y regionales, encabezadas por la alcaldesa Javiera Y\u00e1\u00f1ez Rebolledo, la SEREMI de Agricultura, Tania Salas, el director regional (s) de INDAP Los Lagos, Marcelo Guerrero, y Erwin Burgos, jefe de \u00c1rea INDAP Quinchao. Adem\u00e1s del concejal Jos\u00e9 Galindo. Durante la jornada, el equipo t\u00e9cnico liderado por Julio Concha, coordinador de PRODESAL, realiz\u00f3 un recorrido demostrativo sobre los beneficios del sistema, entre ellos su bajo mantenimiento y su aporte a la prevenci\u00f3n de contaminaci\u00f3n de napas y cursos de agua.<\/p>\n","protected":false},"excerpt":{"rendered":"<p>Se trata de un innovador sistema de reutilizaci\u00f3n de aguas grises para riego agr\u00edcola, implementado en el sector Huyar Alto a trav\u00e9s de un humedal artificial de 200 metros cuadrados, desarrollado por el Programa PRODESAL de la Municipalidad e INDAP, en el marco del Plan de Trabajo Anual 2025. La iniciativa busca enfrentar el d\u00e9ficit [&hellip;]<\/p>\n","protected":false},"author":2,"featured_media":6676,"comment_status":"closed","ping_status":"closed","sticky":false,"template":"","format":"standard","meta":{"footnotes":""},"categories":[21],"tags":[],"class_list":["post-6675","post","type-post","status-publish","format-standard","has-post-thumbnail","hentry","category-noticias"],"_links":{"self":[{"href":"https:\/\/curacodevelez.cl\/web\/wp-json\/wp\/v2\/posts\/6675","targetHints":{"allow":["GET"]}}],"collection":[{"href":"https:\/\/curacodevelez.cl\/web\/wp-json\/wp\/v2\/posts"}],"about":[{"href":"https:\/\/curacodevelez.cl\/web\/wp-json\/wp\/v2\/types\/post"}],"author":[{"embeddable":true,"href":"https:\/\/curacodevelez.cl\/web\/wp-json\/wp\/v2\/users\/2"}],"replies":[{"embeddable":true,"href":"https:\/\/curacodevelez.cl\/web\/wp-json\/wp\/v2\/comments?post=6675"}],"version-history":[{"count":1,"href":"https:\/\/curacodevelez.cl\/web\/wp-json\/wp\/v2\/posts\/6675\/revisions"}],"predecessor-version":[{"id":6677,"href":"https:\/\/curacodevelez.cl\/web\/wp-json\/wp\/v2\/posts\/6675\/revisions\/6677"}],"wp:featuredmedia":[{"embeddable":true,"href":"https:\/\/curacodevelez.cl\/web\/wp-json\/wp\/v2\/media\/6676"}],"wp:attachment":[{"href":"https:\/\/curacodevelez.cl\/web\/wp-json\/wp\/v2\/media?parent=6675"}],"wp:term":[{"taxonomy":"category","embeddable":true,"href":"https:\/\/curacodevelez.cl\/web\/wp-json\/wp\/v2\/categories?post=6675"},{"taxonomy":"post_tag","embeddable":true,"href":"https:\/\/curacodevelez.cl\/web\/wp-json\/wp\/v2\/tags?post=6675"}],"curies":[{"name":"wp","href":"https:\/\/api.w.org\/{rel}","templated":true}]}}