{"id":6672,"date":"2025-12-01T21:17:23","date_gmt":"2025-12-02T00:17:23","guid":{"rendered":"https:\/\/curacodevelez.cl\/web\/?p=6672"},"modified":"2025-12-01T21:17:24","modified_gmt":"2025-12-02T00:17:24","slug":"curaco-de-velez-destaca-a-nivel-nacional-con-nominacion-al-premio-aporte-urbano-2025-por-proyecto-de-garitas-sustentables","status":"publish","type":"post","link":"https:\/\/curacodevelez.cl\/web\/curaco-de-velez-destaca-a-nivel-nacional-con-nominacion-al-premio-aporte-urbano-2025-por-proyecto-de-garitas-sustentables\/","title":{"rendered":"Curaco de V\u00e9lez destaca a nivel nacional con nominaci\u00f3n al Premio Aporte Urbano 2025 por proyecto de garitas sustentables"},"content":{"rendered":"\n<p><\/p>\n\n\n\n<p><a><\/a>El proyecto \u201cMejoramiento y Reposici\u00f3n de Garitas Sustentables Rurales Ruta W-59\u201d, desarrollado por la Secretar\u00eda Comunal de Planificaci\u00f3n (SECPLAN) de la Municipalidad de Curaco de V\u00e9lez, fue nominado al Premio Aporte Urbano (PAU) 2025, iniciativa impulsada por la C\u00e1mara Chilena de la Construcci\u00f3n (CChC).<\/p>\n\n\n\n<p>El PAU tiene como prop\u00f3sito reconocer obras e iniciativas que contribuyen a mejorar la calidad de vida en ciudades y territorios del pa\u00eds, destacando proyectos con alto impacto social y urbano. En esta edici\u00f3n, Curaco de V\u00e9lez competir\u00e1 en la categor\u00eda Mejor Proyecto de Infraestructura Urbana: Espacio de Uso P\u00fablico, junto a propuestas de Puerto Montt y La Calera.<\/p>\n\n\n\n<p>La iniciativa consider\u00f3 la construcci\u00f3n de garitas en puntos estrat\u00e9gicos de la comuna, con el objetivo de mejorar la infraestructura de transporte rural y ofrecer espacios seguros y dignos para estudiantes, adultos mayores y trabajadores. Las estructuras incluyen dos tipolog\u00edas arquitect\u00f3nicas adaptadas al entorno, construidas con tejuelas de alerce certificada; cuentan con accesibilidad universal, puntos de carga para celulares y notebooks, y sistemas de iluminaci\u00f3n solar autosustentable que brindan mayor seguridad durante la noche.<\/p>\n\n\n\n<p>Adem\u00e1s, su dise\u00f1o incorpora protecci\u00f3n clim\u00e1tica y criterios de sustentabilidad e identidad territorial, transform\u00e1ndolas en hitos comunitarios que dignifican la movilidad diaria en sectores rurales hist\u00f3ricamente postergados.<\/p>\n\n\n\n<p>La alcaldesa Javiera Y\u00e1\u00f1ez Rebolledo valor\u00f3 la nominaci\u00f3n, afirmando que: \u201cEsta nominaci\u00f3n al Premio Aporte Urbano es un orgullo para Curaco de V\u00e9lez y un reconocimiento al trabajo serio y comprometido que realizamos desde el municipio para mejorar la calidad de vida de nuestra comunidad. Demuestra que desde territorios peque\u00f1os tambi\u00e9n se pueden levantar proyectos innovadores y sostenibles, con pertinencia local y alto impacto social. Nos inspira a seguir avanzando en iniciativas que dignifiquen la vida en el sector rural y que pongan en valor nuestra identidad insular.\u201d<\/p>\n\n\n\n<p>Los proyectos ganadores del PAU 2025 ser\u00e1n anunciados el 27 de noviembre.<\/p>\n\n\n\n<p><img decoding=\"async\" height=\"16\" width=\"16\" alt=\"\u2705\" src=\"https:\/\/static.xx.fbcdn.net\/images\/emoji.php\/v9\/t33\/1\/16\/2705.png\">Dale me gusta y comparte el video sobre las garitas: <a href=\"https:\/\/www.youtube.com\/watch?v=l3P9xx-AfSE&amp;fbclid=IwZXh0bgNhZW0CMTAAYnJpZBExcFRSS254T3UwQmx5bExOVXNydGMGYXBwX2lkEDIyMjAzOTE3ODgyMDA4OTIAAR6sagnowsKL0Qrhsa46sl_wOXVuXp_Ho_syS8OCuwZnkbsefljqZV9F9sf_fw_aem_2-ZajfrVzEt4hUKgpGRYzQ\" rel=\"noreferrer noopener\" target=\"_blank\">https:\/\/www.youtube.com\/watch?v=l3P9xx-AfSE<\/a><\/p>\n","protected":false},"excerpt":{"rendered":"<p>El proyecto \u201cMejoramiento y Reposici\u00f3n de Garitas Sustentables Rurales Ruta W-59\u201d, desarrollado por la Secretar\u00eda Comunal de Planificaci\u00f3n (SECPLAN) de la Municipalidad de Curaco de V\u00e9lez, fue nominado al Premio Aporte Urbano (PAU) 2025, iniciativa impulsada por la C\u00e1mara Chilena de la Construcci\u00f3n (CChC). El PAU tiene como prop\u00f3sito reconocer obras e iniciativas que contribuyen [&hellip;]<\/p>\n","protected":false},"author":2,"featured_media":6673,"comment_status":"closed","ping_status":"closed","sticky":false,"template":"","format":"standard","meta":{"footnotes":""},"categories":[21],"tags":[],"class_list":["post-6672","post","type-post","status-publish","format-standard","has-post-thumbnail","hentry","category-noticias"],"_links":{"self":[{"href":"https:\/\/curacodevelez.cl\/web\/wp-json\/wp\/v2\/posts\/6672","targetHints":{"allow":["GET"]}}],"collection":[{"href":"https:\/\/curacodevelez.cl\/web\/wp-json\/wp\/v2\/posts"}],"about":[{"href":"https:\/\/curacodevelez.cl\/web\/wp-json\/wp\/v2\/types\/post"}],"author":[{"embeddable":true,"href":"https:\/\/curacodevelez.cl\/web\/wp-json\/wp\/v2\/users\/2"}],"replies":[{"embeddable":true,"href":"https:\/\/curacodevelez.cl\/web\/wp-json\/wp\/v2\/comments?post=6672"}],"version-history":[{"count":1,"href":"https:\/\/curacodevelez.cl\/web\/wp-json\/wp\/v2\/posts\/6672\/revisions"}],"predecessor-version":[{"id":6674,"href":"https:\/\/curacodevelez.cl\/web\/wp-json\/wp\/v2\/posts\/6672\/revisions\/6674"}],"wp:featuredmedia":[{"embeddable":true,"href":"https:\/\/curacodevelez.cl\/web\/wp-json\/wp\/v2\/media\/6673"}],"wp:attachment":[{"href":"https:\/\/curacodevelez.cl\/web\/wp-json\/wp\/v2\/media?parent=6672"}],"wp:term":[{"taxonomy":"category","embeddable":true,"href":"https:\/\/curacodevelez.cl\/web\/wp-json\/wp\/v2\/categories?post=6672"},{"taxonomy":"post_tag","embeddable":true,"href":"https:\/\/curacodevelez.cl\/web\/wp-json\/wp\/v2\/tags?post=6672"}],"curies":[{"name":"wp","href":"https:\/\/api.w.org\/{rel}","templated":true}]}}