{"id":6653,"date":"2025-12-01T21:04:31","date_gmt":"2025-12-02T00:04:31","guid":{"rendered":"https:\/\/curacodevelez.cl\/web\/?p=6653"},"modified":"2025-12-01T21:04:32","modified_gmt":"2025-12-02T00:04:32","slug":"adultos-mayores-de-curaco-de-velez-viajaron-a-cucao","status":"publish","type":"post","link":"https:\/\/curacodevelez.cl\/web\/adultos-mayores-de-curaco-de-velez-viajaron-a-cucao\/","title":{"rendered":"Adultos mayores de Curaco de V\u00e9lez viajaron a Cucao"},"content":{"rendered":"\n<p><\/p>\n\n\n\n<p><a><\/a>Un grupo de usuarios del Centro Diurno del Adulto Mayor de Curaco de V\u00e9lez viaj\u00f3 hasta Cucao, en la comuna de Chonchi, para participar de una jornada recreativa y saludable en el marco del proyecto ejecutado por la Fundaci\u00f3n Caminata Paso a Paso, financiado a trav\u00e9s del Fondo de Fortalecimiento de Organizaciones de Inter\u00e9s P\u00fablico (FFOIP).<\/p>\n\n\n\n<p>Los participantes recibieron un saludo de la directora de Desarrollo Comunitario, Marcela Subiabre, en representaci\u00f3n de la alcaldesa Javiera Y\u00e1\u00f1ez Rebolledo.<\/p>\n\n\n\n<p>La iniciativa busca promover la actividad f\u00edsica, el bienestar emocional y el envejecimiento activo mediante la realizaci\u00f3n de cuatro caminatas durante los meses de octubre, noviembre y diciembre en distintos sectores de Chilo\u00e9.<\/p>\n\n\n\n<p>En cada salida participan 50 personas mayores, incluyendo usuarios de los Centros Diurnos de Curaco de V\u00e9lez y Puqueld\u00f3n, quienes comparten experiencias, fortalecen v\u00ednculos y disfrutan de actividades al aire libre.<\/p>\n\n\n\n<p>Durante la jornada en Cucao, los adultos mayores realizaron caminatas guiadas y din\u00e1micas orientadas al autocuidado, la valoraci\u00f3n del entorno natural y la convivencia comunitaria.<\/p>\n\n\n\n<p>La alcaldesa de Curaco de V\u00e9lez, Javiera Y\u00e1\u00f1ez, destac\u00f3 la importancia de generar estos espacios de bienestar para las personas mayores de la comuna. \u201cNos alegra que nuestros adultos mayores tengan la oportunidad de compartir, conocer nuevos lugares y mantenerse activos. Como municipio seguiremos impulsando iniciativas que promuevan una vejez digna, saludable y con sentido comunitario\u201d, se\u00f1al\u00f3.<\/p>\n\n\n\n<p>El proyecto continuar\u00e1 con nuevas rutas en las comunas de Ancud y Puqueld\u00f3n, contribuyendo al bienestar integral de las personas mayores del territorio y fortaleciendo el rol de las organizaciones comunitarias en la promoci\u00f3n de una vida activa y saludable.<\/p>\n","protected":false},"excerpt":{"rendered":"<p>Un grupo de usuarios del Centro Diurno del Adulto Mayor de Curaco de V\u00e9lez viaj\u00f3 hasta Cucao, en la comuna de Chonchi, para participar de una jornada recreativa y saludable en el marco del proyecto ejecutado por la Fundaci\u00f3n Caminata Paso a Paso, financiado a trav\u00e9s del Fondo de Fortalecimiento de Organizaciones de Inter\u00e9s P\u00fablico [&hellip;]<\/p>\n","protected":false},"author":2,"featured_media":6654,"comment_status":"closed","ping_status":"closed","sticky":false,"template":"","format":"standard","meta":{"footnotes":""},"categories":[1],"tags":[],"class_list":["post-6653","post","type-post","status-publish","format-standard","has-post-thumbnail","hentry","category-uncategorized"],"_links":{"self":[{"href":"https:\/\/curacodevelez.cl\/web\/wp-json\/wp\/v2\/posts\/6653","targetHints":{"allow":["GET"]}}],"collection":[{"href":"https:\/\/curacodevelez.cl\/web\/wp-json\/wp\/v2\/posts"}],"about":[{"href":"https:\/\/curacodevelez.cl\/web\/wp-json\/wp\/v2\/types\/post"}],"author":[{"embeddable":true,"href":"https:\/\/curacodevelez.cl\/web\/wp-json\/wp\/v2\/users\/2"}],"replies":[{"embeddable":true,"href":"https:\/\/curacodevelez.cl\/web\/wp-json\/wp\/v2\/comments?post=6653"}],"version-history":[{"count":1,"href":"https:\/\/curacodevelez.cl\/web\/wp-json\/wp\/v2\/posts\/6653\/revisions"}],"predecessor-version":[{"id":6655,"href":"https:\/\/curacodevelez.cl\/web\/wp-json\/wp\/v2\/posts\/6653\/revisions\/6655"}],"wp:featuredmedia":[{"embeddable":true,"href":"https:\/\/curacodevelez.cl\/web\/wp-json\/wp\/v2\/media\/6654"}],"wp:attachment":[{"href":"https:\/\/curacodevelez.cl\/web\/wp-json\/wp\/v2\/media?parent=6653"}],"wp:term":[{"taxonomy":"category","embeddable":true,"href":"https:\/\/curacodevelez.cl\/web\/wp-json\/wp\/v2\/categories?post=6653"},{"taxonomy":"post_tag","embeddable":true,"href":"https:\/\/curacodevelez.cl\/web\/wp-json\/wp\/v2\/tags?post=6653"}],"curies":[{"name":"wp","href":"https:\/\/api.w.org\/{rel}","templated":true}]}}