{"id":6643,"date":"2025-11-10T10:13:36","date_gmt":"2025-11-10T13:13:36","guid":{"rendered":"https:\/\/curacodevelez.cl\/web\/?p=6643"},"modified":"2025-11-10T10:13:37","modified_gmt":"2025-11-10T13:13:37","slug":"envian-14-toneladas-de-residuos-reutilizables-a-empresa-gestora","status":"publish","type":"post","link":"https:\/\/curacodevelez.cl\/web\/envian-14-toneladas-de-residuos-reutilizables-a-empresa-gestora\/","title":{"rendered":"Env\u00edan 14 toneladas de residuos reutilizables a empresa gestora"},"content":{"rendered":"\n<p>La Municipalidad de Curaco de V\u00e9lez, a trav\u00e9s de su Oficina de Medio Ambiente, concret\u00f3 un nuevo env\u00edo de residuos reciclables valorizables a la empresa gestora <a><\/a>autorizada Nova Terra, ubicada en sectoriales Butalcura en Dalcahue, reforzando el compromiso comunal con una gesti\u00f3n ambiental responsable y con trazabilidad certificada.<\/p>\n\n\n\n<p>En esta oportunidad, se trasladaron m\u00e1s de 14 toneladas de materiales, equivalentes a 6 camiones, entre ellos vidrio, botellas pl\u00e1sticas (PET1), latas de bebestibles, cart\u00f3n, hojalata y chatarra, los cuales ser\u00e1n valorizados e incorporados nuevamente a la cadena productiva. Este proceso contribuye a disminuir la cantidad de desechos que llegan a disposici\u00f3n final.<\/p>\n\n\n\n<p>La alcaldesa Javiera Y\u00e1\u00f1ez Rebolledo destac\u00f3 el trabajo sostenido del municipio y la colaboraci\u00f3n activa de la comunidad. \u201cEste avance es fruto de un esfuerzo conjunto para fortalecer la gesti\u00f3n de residuos y promover h\u00e1bitos m\u00e1s conscientes. Estamos impulsando iniciativas concretas hacia una comuna m\u00e1s limpia y comprometida con el cuidado del entorno\u201d, se\u00f1al\u00f3.<\/p>\n\n\n\n<p>La gesti\u00f3n con Nova Terra permite contar con Certificados de Recepci\u00f3n de Residuos, lo que asegura la trazabilidad ambiental y el cumplimiento de la normativa vigente. El municipio record\u00f3 que el reciclaje es solo una de las dimensiones del cuidado ambiental, y que tambi\u00e9n se impulsan otras acciones para proteger humedales, bosques y la biodiversidad comunal.<\/p>\n","protected":false},"excerpt":{"rendered":"<p>La Municipalidad de Curaco de V\u00e9lez, a trav\u00e9s de su Oficina de Medio Ambiente, concret\u00f3 un nuevo env\u00edo de residuos reciclables valorizables a la empresa gestora autorizada Nova Terra, ubicada en sectoriales Butalcura en Dalcahue, reforzando el compromiso comunal con una gesti\u00f3n ambiental responsable y con trazabilidad certificada. En esta oportunidad, se trasladaron m\u00e1s de [&hellip;]<\/p>\n","protected":false},"author":2,"featured_media":6645,"comment_status":"closed","ping_status":"closed","sticky":false,"template":"","format":"standard","meta":{"footnotes":""},"categories":[1],"tags":[],"class_list":["post-6643","post","type-post","status-publish","format-standard","has-post-thumbnail","hentry","category-uncategorized"],"_links":{"self":[{"href":"https:\/\/curacodevelez.cl\/web\/wp-json\/wp\/v2\/posts\/6643","targetHints":{"allow":["GET"]}}],"collection":[{"href":"https:\/\/curacodevelez.cl\/web\/wp-json\/wp\/v2\/posts"}],"about":[{"href":"https:\/\/curacodevelez.cl\/web\/wp-json\/wp\/v2\/types\/post"}],"author":[{"embeddable":true,"href":"https:\/\/curacodevelez.cl\/web\/wp-json\/wp\/v2\/users\/2"}],"replies":[{"embeddable":true,"href":"https:\/\/curacodevelez.cl\/web\/wp-json\/wp\/v2\/comments?post=6643"}],"version-history":[{"count":1,"href":"https:\/\/curacodevelez.cl\/web\/wp-json\/wp\/v2\/posts\/6643\/revisions"}],"predecessor-version":[{"id":6646,"href":"https:\/\/curacodevelez.cl\/web\/wp-json\/wp\/v2\/posts\/6643\/revisions\/6646"}],"wp:featuredmedia":[{"embeddable":true,"href":"https:\/\/curacodevelez.cl\/web\/wp-json\/wp\/v2\/media\/6645"}],"wp:attachment":[{"href":"https:\/\/curacodevelez.cl\/web\/wp-json\/wp\/v2\/media?parent=6643"}],"wp:term":[{"taxonomy":"category","embeddable":true,"href":"https:\/\/curacodevelez.cl\/web\/wp-json\/wp\/v2\/categories?post=6643"},{"taxonomy":"post_tag","embeddable":true,"href":"https:\/\/curacodevelez.cl\/web\/wp-json\/wp\/v2\/tags?post=6643"}],"curies":[{"name":"wp","href":"https:\/\/api.w.org\/{rel}","templated":true}]}}