{"id":6626,"date":"2025-10-07T19:49:46","date_gmt":"2025-10-07T22:49:46","guid":{"rendered":"https:\/\/curacodevelez.cl\/web\/?p=6626"},"modified":"2025-10-09T10:21:34","modified_gmt":"2025-10-09T13:21:34","slug":"curaco-de-velez-inaugura-su-primer-centro-de-atencion-virtual-chileatiende","status":"publish","type":"post","link":"https:\/\/curacodevelez.cl\/web\/curaco-de-velez-inaugura-su-primer-centro-de-atencion-virtual-chileatiende\/","title":{"rendered":"Curaco de V\u00e9lez inaugura su primer Centro de Atenci\u00f3n Virtual ChileAtiende"},"content":{"rendered":"\n<p>Encabezada por la alcaldesa Javiera Y\u00e1\u00f1ez Rebolledo y la subdirectora nacional de Servicio a Clientes del IPS-ChileAtiende, Lenia Pizarro, la Municipalidad de Curaco de V\u00e9lez inaugur\u00f3 este martes el primer Centro de Atenci\u00f3n Virtual ChileAtiende de la comuna. La actividad cont\u00f3 adem\u00e1s con la presencia del seremi del Trabajo y Previsi\u00f3n Social, Ricardo Ebner, el director regional del IPS, Marcelo \u00c1lvarez, y los concejales Nancy Oyarz\u00fan y Jos\u00e9 Galindo, acompa\u00f1ados de personas mayores y vecinas y vecinos de la comunidad.<\/p>\n\n\n\n<p>El punto funcionar\u00e1 en dependencias municipales del Departamento Social y permitir\u00e1 a los vecinos acceder a m\u00e1s de veinte tr\u00e1mites y beneficios del Estado mediante atenci\u00f3n en l\u00ednea con ejecutivos del IPS. Entre los servicios disponibles destacan la Pensi\u00f3n Garantizada Universal (PGU), la exenci\u00f3n del 7% de salud para pensionados, el Subsidio de Discapacidad y la autorizaci\u00f3n de cobro de beneficios por apoderado, entre otros.<\/p>\n\n\n\n<p>Durante la ceremonia, la alcaldesa Javiera Y\u00e1\u00f1ez destac\u00f3 que este avance \u201crepresenta un paso concreto en equidad territorial, acercando los servicios p\u00fablicos a nuestra comunidad rural con atenci\u00f3n permanente, moderna y de calidad\u201d. Asimismo, valor\u00f3 el trabajo conjunto con el IPS, que permiti\u00f3 concretar esta iniciativa en beneficio de las familias curacanas.<\/p>\n\n\n\n<p>La subdirectora nacional Lenia Pizarro resalt\u00f3 que este nuevo punto de atenci\u00f3n forma parte del plan del IPS para fortalecer su red ChileAtiende y alcanzar un 90% de cobertura comunal en el pa\u00eds. Con la habilitaci\u00f3n en Curaco de V\u00e9lez, la Regi\u00f3n de Los Lagos suma ya ocho Centros de Atenci\u00f3n Virtual operativos, reafirmando el compromiso del servicio con la descentralizaci\u00f3n y el acceso equitativo a los beneficios sociales.<\/p>\n\n\n\n<p>La instancia cont\u00f3 con un punto art\u00edstico a cargo del estudiante del Liceo Alfredo Barr\u00eda Oyarz\u00fan, Andr\u00e9s Oyarz\u00fan, quien deleit\u00f3 a los asistentes con dos interpretaciones en piano.<\/p>\n","protected":false},"excerpt":{"rendered":"<p>Encabezada por la alcaldesa Javiera Y\u00e1\u00f1ez Rebolledo y la subdirectora nacional de Servicio a Clientes del IPS-ChileAtiende, Lenia Pizarro, la Municipalidad de Curaco de V\u00e9lez inaugur\u00f3 este martes el primer Centro de Atenci\u00f3n Virtual ChileAtiende de la comuna. La actividad cont\u00f3 adem\u00e1s con la presencia del seremi del Trabajo y Previsi\u00f3n Social, Ricardo Ebner, el [&hellip;]<\/p>\n","protected":false},"author":2,"featured_media":6627,"comment_status":"closed","ping_status":"closed","sticky":false,"template":"","format":"standard","meta":{"footnotes":""},"categories":[21],"tags":[],"class_list":["post-6626","post","type-post","status-publish","format-standard","has-post-thumbnail","hentry","category-noticias"],"_links":{"self":[{"href":"https:\/\/curacodevelez.cl\/web\/wp-json\/wp\/v2\/posts\/6626","targetHints":{"allow":["GET"]}}],"collection":[{"href":"https:\/\/curacodevelez.cl\/web\/wp-json\/wp\/v2\/posts"}],"about":[{"href":"https:\/\/curacodevelez.cl\/web\/wp-json\/wp\/v2\/types\/post"}],"author":[{"embeddable":true,"href":"https:\/\/curacodevelez.cl\/web\/wp-json\/wp\/v2\/users\/2"}],"replies":[{"embeddable":true,"href":"https:\/\/curacodevelez.cl\/web\/wp-json\/wp\/v2\/comments?post=6626"}],"version-history":[{"count":1,"href":"https:\/\/curacodevelez.cl\/web\/wp-json\/wp\/v2\/posts\/6626\/revisions"}],"predecessor-version":[{"id":6628,"href":"https:\/\/curacodevelez.cl\/web\/wp-json\/wp\/v2\/posts\/6626\/revisions\/6628"}],"wp:featuredmedia":[{"embeddable":true,"href":"https:\/\/curacodevelez.cl\/web\/wp-json\/wp\/v2\/media\/6627"}],"wp:attachment":[{"href":"https:\/\/curacodevelez.cl\/web\/wp-json\/wp\/v2\/media?parent=6626"}],"wp:term":[{"taxonomy":"category","embeddable":true,"href":"https:\/\/curacodevelez.cl\/web\/wp-json\/wp\/v2\/categories?post=6626"},{"taxonomy":"post_tag","embeddable":true,"href":"https:\/\/curacodevelez.cl\/web\/wp-json\/wp\/v2\/tags?post=6626"}],"curies":[{"name":"wp","href":"https:\/\/api.w.org\/{rel}","templated":true}]}}