{"id":6618,"date":"2025-10-01T09:17:20","date_gmt":"2025-10-01T12:17:20","guid":{"rendered":"https:\/\/curacodevelez.cl\/web\/?p=6618"},"modified":"2025-10-09T10:21:28","modified_gmt":"2025-10-09T13:21:28","slug":"curaco-de-velez-celebro-el-dia-mundial-del-turismo-con-creacion-de-mesa-local-y-reconocimientos","status":"publish","type":"post","link":"https:\/\/curacodevelez.cl\/web\/curaco-de-velez-celebro-el-dia-mundial-del-turismo-con-creacion-de-mesa-local-y-reconocimientos\/","title":{"rendered":"Curaco de V\u00e9lez celebr\u00f3 el D\u00eda Mundial del Turismo con creaci\u00f3n de Mesa Local y reconocimientos"},"content":{"rendered":"\n<p>La comuna conmemor\u00f3 el D\u00eda Mundial del Turismo con una jornada marcada por anuncios y distinciones al sector, en la que participaron la alcaldesa Javiera Y\u00e1\u00f1ez Rebolledo; los concejales Marich\u00e9n C\u00e1rdenas, Jos\u00e9 Galindo y Nancy Oyarz\u00fan; la directora de Desarrollo Comunitario, Marcela Subiabre; representantes de la Oficina Provincial de Sernatur Chilo\u00e9; y organizaciones comunitarias.<\/p>\n\n\n\n<p>La actividad reuni\u00f3 a emprendedores tur\u00edsticos formalizados y con registro en Sernatur, quienes participaron en charlas sobre los Sellos de Calidad \u201cQ\u201d y Sustentabilidad \u201cS\u201d, programas de apoyo al sector y la relevancia del reconocimiento obtenido por la comuna como Municipalidad Tur\u00edstica.<\/p>\n\n\n\n<p>En la ceremonia se entregaron distinciones a prestadores de servicios tur\u00edsticos con m\u00e1s de 10 a\u00f1os de trayectoria, y adem\u00e1s se record\u00f3 el reconocimiento otorgado recientemente a Belfor Paredes, encargado de la Oficina de Turismo de Curaco de V\u00e9lez, quien fue distinguido como mejor coordinador regional de turismo, en m\u00e9rito a su compromiso y liderazgo en la gesti\u00f3n del \u00e1rea.<\/p>\n\n\n\n<p>La alcaldesa Javiera Y\u00e1\u00f1ez Rebolledo anunci\u00f3 en la ocasi\u00f3n la conformaci\u00f3n de una Mesa Comunal de Turismo P\u00fablico-Privada, destinada a impulsar estrategias conjuntas en \u00e1reas como la formalizaci\u00f3n tur\u00edstica, la capacitaci\u00f3n y la promoci\u00f3n de la oferta local.<\/p>\n\n\n\n<p>\u201cQueremos que el turismo en Curaco de V\u00e9lez se consolide con identidad, sustentabilidad y calidad. La creaci\u00f3n de esta Mesa Local es un paso clave para trabajar junto a emprendedores formalizados y con sello Sernatur en la proyecci\u00f3n de nuestra comuna como un destino emergente\u201d, afirm\u00f3 la jefa comunal.<\/p>\n\n\n\n<p>La jornada culmin\u00f3 con una visita a la nueva infraestructura habilitante para el turismo, consistente en los miradores de Chullec, Huenao y Punta Huenao, que fortalecen la oferta comunal de turismo de naturaleza y contemplaci\u00f3n de paisajes.<\/p>\n","protected":false},"excerpt":{"rendered":"<p>La comuna conmemor\u00f3 el D\u00eda Mundial del Turismo con una jornada marcada por anuncios y distinciones al sector, en la que participaron la alcaldesa Javiera Y\u00e1\u00f1ez Rebolledo; los concejales Marich\u00e9n C\u00e1rdenas, Jos\u00e9 Galindo y Nancy Oyarz\u00fan; la directora de Desarrollo Comunitario, Marcela Subiabre; representantes de la Oficina Provincial de Sernatur Chilo\u00e9; y organizaciones comunitarias. La [&hellip;]<\/p>\n","protected":false},"author":2,"featured_media":6619,"comment_status":"closed","ping_status":"closed","sticky":false,"template":"","format":"standard","meta":{"footnotes":""},"categories":[21],"tags":[],"class_list":["post-6618","post","type-post","status-publish","format-standard","has-post-thumbnail","hentry","category-noticias"],"_links":{"self":[{"href":"https:\/\/curacodevelez.cl\/web\/wp-json\/wp\/v2\/posts\/6618","targetHints":{"allow":["GET"]}}],"collection":[{"href":"https:\/\/curacodevelez.cl\/web\/wp-json\/wp\/v2\/posts"}],"about":[{"href":"https:\/\/curacodevelez.cl\/web\/wp-json\/wp\/v2\/types\/post"}],"author":[{"embeddable":true,"href":"https:\/\/curacodevelez.cl\/web\/wp-json\/wp\/v2\/users\/2"}],"replies":[{"embeddable":true,"href":"https:\/\/curacodevelez.cl\/web\/wp-json\/wp\/v2\/comments?post=6618"}],"version-history":[{"count":2,"href":"https:\/\/curacodevelez.cl\/web\/wp-json\/wp\/v2\/posts\/6618\/revisions"}],"predecessor-version":[{"id":6650,"href":"https:\/\/curacodevelez.cl\/web\/wp-json\/wp\/v2\/posts\/6618\/revisions\/6650"}],"wp:featuredmedia":[{"embeddable":true,"href":"https:\/\/curacodevelez.cl\/web\/wp-json\/wp\/v2\/media\/6619"}],"wp:attachment":[{"href":"https:\/\/curacodevelez.cl\/web\/wp-json\/wp\/v2\/media?parent=6618"}],"wp:term":[{"taxonomy":"category","embeddable":true,"href":"https:\/\/curacodevelez.cl\/web\/wp-json\/wp\/v2\/categories?post=6618"},{"taxonomy":"post_tag","embeddable":true,"href":"https:\/\/curacodevelez.cl\/web\/wp-json\/wp\/v2\/tags?post=6618"}],"curies":[{"name":"wp","href":"https:\/\/api.w.org\/{rel}","templated":true}]}}