{"id":6514,"date":"2025-09-08T10:24:16","date_gmt":"2025-09-08T13:24:16","guid":{"rendered":"https:\/\/curacodevelez.cl\/web\/?p=6514"},"modified":"2025-09-08T10:24:17","modified_gmt":"2025-09-08T13:24:17","slug":"curaco-de-velez-estuvo-presente-en-encuentro-regional-de-cultura-realizado-en-castro","status":"publish","type":"post","link":"https:\/\/curacodevelez.cl\/web\/curaco-de-velez-estuvo-presente-en-encuentro-regional-de-cultura-realizado-en-castro\/","title":{"rendered":"Curaco de V\u00e9lez estuvo presente en Encuentro Regional de Cultura realizado en Castro"},"content":{"rendered":"\n<p><\/p>\n\n\n\n<p><a><\/a>Con la presencia de la subsecretaria de Patrimonio Cultural, Carolina P\u00e9rez, y de la seremi de las Culturas, las Artes y el Patrimonio, Ana Mar\u00eda Santos, se desarroll\u00f3 en Castro el 2\u00b0 Encuentro Regional de Encargados de Cultura Municipal y de Espacios Culturales, instancia organizada por el Programa Red Cultura.<\/p>\n\n\n\n<p>La actividad tuvo como objetivo fortalecer el trabajo cultural en la Regi\u00f3n de Los Lagos, entregando herramientas pr\u00e1cticas y espacios de colaboraci\u00f3n a quienes impulsan la cultura en sus territorios.<\/p>\n\n\n\n<p>Durante las jornadas se abordaron tem\u00e1ticas como estrategias de financiamiento para proyectos culturales, herramientas para el dise\u00f1o y gesti\u00f3n de iniciativas, comunicaci\u00f3n digital aplicada a la cultura, y el uso de la inteligencia artificial como apoyo en la creaci\u00f3n y gesti\u00f3n de contenidos.<\/p>\n\n\n\n<p>En representaci\u00f3n del Municipio de Curaco de V\u00e9lez, particip\u00f3 la encargada de Cultura, Patricia Garc\u00eda, quien comparti\u00f3 con sus pares en espacios de di\u00e1logo, intercambio de experiencias y networking. Asimismo, fue parte de la reuni\u00f3n que sostuvo la seremi de las Culturas con los encargados municipales de cultura de Chilo\u00e9, en la que se levantaron ideas y propuestas en el marco de la Conmemoraci\u00f3n del Bicentenario de Chilo\u00e9.<\/p>\n\n\n\n<p>Con este tipo de instancias, se busca seguir fortaleciendo capacidades locales para construir una cultura m\u00e1s viva, diversa y participativa en cada rinc\u00f3n de la Regi\u00f3n de Los Lagos.<\/p>\n","protected":false},"excerpt":{"rendered":"<p>Con la presencia de la subsecretaria de Patrimonio Cultural, Carolina P\u00e9rez, y de la seremi de las Culturas, las Artes y el Patrimonio, Ana Mar\u00eda Santos, se desarroll\u00f3 en Castro el 2\u00b0 Encuentro Regional de Encargados de Cultura Municipal y de Espacios Culturales, instancia organizada por el Programa Red Cultura. La actividad tuvo como objetivo [&hellip;]<\/p>\n","protected":false},"author":2,"featured_media":6515,"comment_status":"closed","ping_status":"closed","sticky":false,"template":"","format":"standard","meta":{"footnotes":""},"categories":[21],"tags":[],"class_list":["post-6514","post","type-post","status-publish","format-standard","has-post-thumbnail","hentry","category-noticias"],"_links":{"self":[{"href":"https:\/\/curacodevelez.cl\/web\/wp-json\/wp\/v2\/posts\/6514","targetHints":{"allow":["GET"]}}],"collection":[{"href":"https:\/\/curacodevelez.cl\/web\/wp-json\/wp\/v2\/posts"}],"about":[{"href":"https:\/\/curacodevelez.cl\/web\/wp-json\/wp\/v2\/types\/post"}],"author":[{"embeddable":true,"href":"https:\/\/curacodevelez.cl\/web\/wp-json\/wp\/v2\/users\/2"}],"replies":[{"embeddable":true,"href":"https:\/\/curacodevelez.cl\/web\/wp-json\/wp\/v2\/comments?post=6514"}],"version-history":[{"count":1,"href":"https:\/\/curacodevelez.cl\/web\/wp-json\/wp\/v2\/posts\/6514\/revisions"}],"predecessor-version":[{"id":6516,"href":"https:\/\/curacodevelez.cl\/web\/wp-json\/wp\/v2\/posts\/6514\/revisions\/6516"}],"wp:featuredmedia":[{"embeddable":true,"href":"https:\/\/curacodevelez.cl\/web\/wp-json\/wp\/v2\/media\/6515"}],"wp:attachment":[{"href":"https:\/\/curacodevelez.cl\/web\/wp-json\/wp\/v2\/media?parent=6514"}],"wp:term":[{"taxonomy":"category","embeddable":true,"href":"https:\/\/curacodevelez.cl\/web\/wp-json\/wp\/v2\/categories?post=6514"},{"taxonomy":"post_tag","embeddable":true,"href":"https:\/\/curacodevelez.cl\/web\/wp-json\/wp\/v2\/tags?post=6514"}],"curies":[{"name":"wp","href":"https:\/\/api.w.org\/{rel}","templated":true}]}}