{"id":6508,"date":"2025-09-08T10:19:36","date_gmt":"2025-09-08T13:19:36","guid":{"rendered":"https:\/\/curacodevelez.cl\/web\/?p=6508"},"modified":"2025-09-08T10:19:37","modified_gmt":"2025-09-08T13:19:37","slug":"personas-mayores-llenaron-de-musica-y-color-el-gimnasio-municipal-de-curaco-de-velez","status":"publish","type":"post","link":"https:\/\/curacodevelez.cl\/web\/personas-mayores-llenaron-de-musica-y-color-el-gimnasio-municipal-de-curaco-de-velez\/","title":{"rendered":"Personas mayores llenaron de m\u00fasica y color el gimnasio municipal de Curaco de V\u00e9lez"},"content":{"rendered":"\n<p><\/p>\n\n\n\n<p><a><\/a>M\u00e1s de 200 asistentes participaron en la III Gala Intercomunal de Baile, que reuni\u00f3 a delegaciones de cinco comunas de Chilo\u00e9.<\/p>\n\n\n\n<p>El Gimnasio Municipal de Curaco de V\u00e9lez fue escenario este mi\u00e9rcoles 28 de agosto de la III Gala Intercomunal de Baile de Personas Mayores, encuentro que congreg\u00f3 a m\u00e1s de 200 participantes y p\u00fablico en general, en una jornada marcada por la alegr\u00eda, la m\u00fasica y la expresi\u00f3n art\u00edstica.<\/p>\n\n\n\n<p>Delegaciones de los Centros Diurnos de Puqueld\u00f3n, Chonchi, Castro, Quinchao y el CEDIAM de Curaco de V\u00e9lez, anfitri\u00f3n del evento, dieron vida a la cita, junto a clubes de adulto mayor locales como Brisas del Mar de Huyar Alto y el grupo Fusi\u00f3n Danza sin L\u00edmites, integrado por los clubes Alegr\u00eda de Vivir y Las Estrellitas de Palqui.<\/p>\n\n\n\n<p>La alcaldesa Javiera Y\u00e1\u00f1ez Rebolledo destac\u00f3 el entusiasmo y la energ\u00eda de las personas mayores, se\u00f1alando que la gala \u201ces un espacio para celebrar la vida, la cultura y el talento presente en cada rinc\u00f3n de la provincia\u201d.<\/p>\n\n\n\n<p>La actividad fue organizada por la Direcci\u00f3n de Desarrollo Comunitario (DIDECO), el Centro Diurno para Personas Mayores y programas municipales, con apoyo del Honorable Concejo Municipal.<\/p>\n\n\n\n<p>Desde el municipio subrayaron que instancias como esta reafirman el compromiso de la comuna con el envejecimiento activo, la inclusi\u00f3n y el bienestar de sus habitantes.<\/p>\n","protected":false},"excerpt":{"rendered":"<p>M\u00e1s de 200 asistentes participaron en la III Gala Intercomunal de Baile, que reuni\u00f3 a delegaciones de cinco comunas de Chilo\u00e9. El Gimnasio Municipal de Curaco de V\u00e9lez fue escenario este mi\u00e9rcoles 28 de agosto de la III Gala Intercomunal de Baile de Personas Mayores, encuentro que congreg\u00f3 a m\u00e1s de 200 participantes y p\u00fablico [&hellip;]<\/p>\n","protected":false},"author":2,"featured_media":6509,"comment_status":"closed","ping_status":"closed","sticky":false,"template":"","format":"standard","meta":{"footnotes":""},"categories":[21],"tags":[],"class_list":["post-6508","post","type-post","status-publish","format-standard","has-post-thumbnail","hentry","category-noticias"],"_links":{"self":[{"href":"https:\/\/curacodevelez.cl\/web\/wp-json\/wp\/v2\/posts\/6508","targetHints":{"allow":["GET"]}}],"collection":[{"href":"https:\/\/curacodevelez.cl\/web\/wp-json\/wp\/v2\/posts"}],"about":[{"href":"https:\/\/curacodevelez.cl\/web\/wp-json\/wp\/v2\/types\/post"}],"author":[{"embeddable":true,"href":"https:\/\/curacodevelez.cl\/web\/wp-json\/wp\/v2\/users\/2"}],"replies":[{"embeddable":true,"href":"https:\/\/curacodevelez.cl\/web\/wp-json\/wp\/v2\/comments?post=6508"}],"version-history":[{"count":2,"href":"https:\/\/curacodevelez.cl\/web\/wp-json\/wp\/v2\/posts\/6508\/revisions"}],"predecessor-version":[{"id":6614,"href":"https:\/\/curacodevelez.cl\/web\/wp-json\/wp\/v2\/posts\/6508\/revisions\/6614"}],"wp:featuredmedia":[{"embeddable":true,"href":"https:\/\/curacodevelez.cl\/web\/wp-json\/wp\/v2\/media\/6509"}],"wp:attachment":[{"href":"https:\/\/curacodevelez.cl\/web\/wp-json\/wp\/v2\/media?parent=6508"}],"wp:term":[{"taxonomy":"category","embeddable":true,"href":"https:\/\/curacodevelez.cl\/web\/wp-json\/wp\/v2\/categories?post=6508"},{"taxonomy":"post_tag","embeddable":true,"href":"https:\/\/curacodevelez.cl\/web\/wp-json\/wp\/v2\/tags?post=6508"}],"curies":[{"name":"wp","href":"https:\/\/api.w.org\/{rel}","templated":true}]}}