{"id":6458,"date":"2025-09-04T16:31:10","date_gmt":"2025-09-04T20:31:10","guid":{"rendered":"https:\/\/curacodevelez.cl\/web\/?p=6458"},"modified":"2025-09-04T16:31:10","modified_gmt":"2025-09-04T20:31:10","slug":"certifican-a-19-alumnos-del-curso-de-carpinteria-en-curaco-de-velez","status":"publish","type":"post","link":"https:\/\/curacodevelez.cl\/web\/certifican-a-19-alumnos-del-curso-de-carpinteria-en-curaco-de-velez\/","title":{"rendered":"Certifican a 19 alumnos del curso de Carpinter\u00eda en Curaco de V\u00e9lez"},"content":{"rendered":"\n<p><\/p>\n\n\n\n<p><a><\/a>En la comuna de Curaco de V\u00e9lez se realiz\u00f3, en la ex Sala de Fomento Productivo, la ceremonia de certificaci\u00f3n del curso Labores de Carpinter\u00eda de Terminaciones, ejecutado por el Organismo T\u00e9cnico Schneider y C\u00eda. Ltda., en el marco del programa Becas Laborales de la OTC CChC y SENCE.<\/p>\n\n\n\n<p>En total, 19 alumnos recibieron su certificaci\u00f3n tras completar con \u00e9xito la capacitaci\u00f3n, orientada a fortalecer las competencias laborales en el rubro de la construcci\u00f3n y abrir nuevas oportunidades de inserci\u00f3n en el mercado local.<\/p>\n\n\n\n<p>La actividad cont\u00f3 con la presencia de la directora de Desarrollo Comunitario, Marcela Subiabre, en representaci\u00f3n la alcaldesa Javiera Y\u00e1\u00f1ez; las concejalas Nancy Oyarz\u00fan y Marich\u00e9n C\u00e1rdenas; la representante provincial del SENCE, Tamara C\u00e1rdenas, la jefa de Fomento, Katharine Gilchrist y el equipo OMIL, quienes destacaron la importancia de este tipo de programas para generar empleabilidad y desarrollo en la comuna.<\/p>\n\n\n\n<p>La alcaldesa Javiera Y\u00e1\u00f1ez felicit\u00f3 a los 19 participantes por su esfuerzo y compromiso, destacando que Curaco de V\u00e9lez es una de las comunas que m\u00e1s cursos ha ejecutado a trav\u00e9s de este programa. Adem\u00e1s, anunci\u00f3 que en los pr\u00f3ximos meses se implementar\u00e1n dos nuevas capacitaciones, una enfocada en emprendimiento y otra en cuidadores de personas, con el objetivo de seguir abriendo oportunidades de formaci\u00f3n para la comunidad.<\/p>\n\n\n\n<p>El programa Becas Laborales busca entregar herramientas pr\u00e1cticas a personas que requieren mejorar sus competencias, potenciando oficios y conocimientos que aporten al desarrollo econ\u00f3mico y social de las comunidades.<\/p>\n\n\n\n<p>Con esta certificaci\u00f3n, los egresados no solo ampl\u00edan sus posibilidades de trabajo, sino que tambi\u00e9n aportan al fortalecimiento de la mano de obra calificada en la zona.<\/p>\n","protected":false},"excerpt":{"rendered":"<p>En la comuna de Curaco de V\u00e9lez se realiz\u00f3, en la ex Sala de Fomento Productivo, la ceremonia de certificaci\u00f3n del curso Labores de Carpinter\u00eda de Terminaciones, ejecutado por el Organismo T\u00e9cnico Schneider y C\u00eda. Ltda., en el marco del programa Becas Laborales de la OTC CChC y SENCE. En total, 19 alumnos recibieron su [&hellip;]<\/p>\n","protected":false},"author":2,"featured_media":6502,"comment_status":"closed","ping_status":"closed","sticky":false,"template":"","format":"standard","meta":{"footnotes":""},"categories":[21],"tags":[],"class_list":["post-6458","post","type-post","status-publish","format-standard","has-post-thumbnail","hentry","category-noticias"],"_links":{"self":[{"href":"https:\/\/curacodevelez.cl\/web\/wp-json\/wp\/v2\/posts\/6458","targetHints":{"allow":["GET"]}}],"collection":[{"href":"https:\/\/curacodevelez.cl\/web\/wp-json\/wp\/v2\/posts"}],"about":[{"href":"https:\/\/curacodevelez.cl\/web\/wp-json\/wp\/v2\/types\/post"}],"author":[{"embeddable":true,"href":"https:\/\/curacodevelez.cl\/web\/wp-json\/wp\/v2\/users\/2"}],"replies":[{"embeddable":true,"href":"https:\/\/curacodevelez.cl\/web\/wp-json\/wp\/v2\/comments?post=6458"}],"version-history":[{"count":1,"href":"https:\/\/curacodevelez.cl\/web\/wp-json\/wp\/v2\/posts\/6458\/revisions"}],"predecessor-version":[{"id":6503,"href":"https:\/\/curacodevelez.cl\/web\/wp-json\/wp\/v2\/posts\/6458\/revisions\/6503"}],"wp:featuredmedia":[{"embeddable":true,"href":"https:\/\/curacodevelez.cl\/web\/wp-json\/wp\/v2\/media\/6502"}],"wp:attachment":[{"href":"https:\/\/curacodevelez.cl\/web\/wp-json\/wp\/v2\/media?parent=6458"}],"wp:term":[{"taxonomy":"category","embeddable":true,"href":"https:\/\/curacodevelez.cl\/web\/wp-json\/wp\/v2\/categories?post=6458"},{"taxonomy":"post_tag","embeddable":true,"href":"https:\/\/curacodevelez.cl\/web\/wp-json\/wp\/v2\/tags?post=6458"}],"curies":[{"name":"wp","href":"https:\/\/api.w.org\/{rel}","templated":true}]}}