{"id":6272,"date":"2025-08-27T09:17:14","date_gmt":"2025-08-27T13:17:14","guid":{"rendered":"https:\/\/curacodevelez.cl\/web\/?p=6272"},"modified":"2025-08-27T09:17:15","modified_gmt":"2025-08-27T13:17:15","slug":"agricultores-de-curaco-de-velez-participaron-en-taller-de-elaboracion-de-almacigos","status":"publish","type":"post","link":"https:\/\/curacodevelez.cl\/web\/agricultores-de-curaco-de-velez-participaron-en-taller-de-elaboracion-de-almacigos\/","title":{"rendered":"Agricultores de Curaco de V\u00e9lez participaron en taller de elaboraci\u00f3n de alm\u00e1cigos"},"content":{"rendered":"\n<p><a><\/a>Alrededor de 40 agricultores y agricultoras de Curaco de V\u00e9lez participaron en una jornada de capacitaci\u00f3n organizada por el Programa PRODESAL, bajo el alero de la Municipalidad y de INDAP.<\/p>\n\n\n\n<p>La actividad se enfoc\u00f3 en conocer distintos tipos de sustratos, sus beneficios y aplicaciones, adem\u00e1s de la pr\u00e1ctica directa en la elaboraci\u00f3n de alm\u00e1cigos y plantines. Los participantes pudieron trabajar colectivamente en la preparaci\u00f3n de bandejas y siembra, fortaleciendo sus conocimientos t\u00e9cnicos y su capacidad productiva.<\/p>\n\n\n\n<p>La alcaldesa Javiera Y\u00e1\u00f1ez valor\u00f3 la instancia y destac\u00f3 el compromiso de los agricultores locales: \u201cSabemos que detr\u00e1s de cada cultivo hay esfuerzo y esperanza. Por eso como municipio, junto a PRODESAL e INDAP, queremos acompa\u00f1arles con herramientas que les permitan mejorar su producci\u00f3n, pero tambi\u00e9n fortalecer el trabajo en comunidad. Estas capacitaciones son una forma de reconocer lo importante que es la agricultura familiar para Curaco de V\u00e9lez\u201d.<\/p>\n\n\n\n<p>Desde el programa resaltaron que este tipo de talleres busca fomentar la producci\u00f3n sustentable, aportar al desarrollo de los emprendimientos agr\u00edcolas y seguir promoviendo el aprendizaje colaborativo en la comuna.<\/p>\n","protected":false},"excerpt":{"rendered":"<p>Alrededor de 40 agricultores y agricultoras de Curaco de V\u00e9lez participaron en una jornada de capacitaci\u00f3n organizada por el Programa PRODESAL, bajo el alero de la Municipalidad y de INDAP. La actividad se enfoc\u00f3 en conocer distintos tipos de sustratos, sus beneficios y aplicaciones, adem\u00e1s de la pr\u00e1ctica directa en la elaboraci\u00f3n de alm\u00e1cigos y [&hellip;]<\/p>\n","protected":false},"author":2,"featured_media":6273,"comment_status":"closed","ping_status":"closed","sticky":false,"template":"","format":"standard","meta":{"footnotes":""},"categories":[21],"tags":[],"class_list":["post-6272","post","type-post","status-publish","format-standard","has-post-thumbnail","hentry","category-noticias"],"_links":{"self":[{"href":"https:\/\/curacodevelez.cl\/web\/wp-json\/wp\/v2\/posts\/6272","targetHints":{"allow":["GET"]}}],"collection":[{"href":"https:\/\/curacodevelez.cl\/web\/wp-json\/wp\/v2\/posts"}],"about":[{"href":"https:\/\/curacodevelez.cl\/web\/wp-json\/wp\/v2\/types\/post"}],"author":[{"embeddable":true,"href":"https:\/\/curacodevelez.cl\/web\/wp-json\/wp\/v2\/users\/2"}],"replies":[{"embeddable":true,"href":"https:\/\/curacodevelez.cl\/web\/wp-json\/wp\/v2\/comments?post=6272"}],"version-history":[{"count":1,"href":"https:\/\/curacodevelez.cl\/web\/wp-json\/wp\/v2\/posts\/6272\/revisions"}],"predecessor-version":[{"id":6274,"href":"https:\/\/curacodevelez.cl\/web\/wp-json\/wp\/v2\/posts\/6272\/revisions\/6274"}],"wp:featuredmedia":[{"embeddable":true,"href":"https:\/\/curacodevelez.cl\/web\/wp-json\/wp\/v2\/media\/6273"}],"wp:attachment":[{"href":"https:\/\/curacodevelez.cl\/web\/wp-json\/wp\/v2\/media?parent=6272"}],"wp:term":[{"taxonomy":"category","embeddable":true,"href":"https:\/\/curacodevelez.cl\/web\/wp-json\/wp\/v2\/categories?post=6272"},{"taxonomy":"post_tag","embeddable":true,"href":"https:\/\/curacodevelez.cl\/web\/wp-json\/wp\/v2\/tags?post=6272"}],"curies":[{"name":"wp","href":"https:\/\/api.w.org\/{rel}","templated":true}]}}