{"id":6105,"date":"2025-05-19T14:06:04","date_gmt":"2025-05-19T14:06:04","guid":{"rendered":"https:\/\/curacodevelez.cl\/enfold\/?p=6105"},"modified":"2025-05-19T14:06:05","modified_gmt":"2025-05-19T14:06:05","slug":"curaco-de-velez-entre-las-59-comunas-del-pais-que-avanzaran-en-el-diseno-de-proyectos-solares-comunitarios","status":"publish","type":"post","link":"https:\/\/curacodevelez.cl\/web\/curaco-de-velez-entre-las-59-comunas-del-pais-que-avanzaran-en-el-diseno-de-proyectos-solares-comunitarios\/","title":{"rendered":"Curaco de V\u00e9lez entre las 59 comunas del pa\u00eds que avanzar\u00e1n en el dise\u00f1o de proyectos solares comunitarios"},"content":{"rendered":"\n<p>Curaco de V\u00e9lez fue confirmada como una de las 59 comunas seleccionadas a nivel nacional \u2014y una de las siete en la regi\u00f3n de Los Lagos\u2014 que ser\u00e1n parte del dise\u00f1o de proyectos de parques solares comunitarios, en el marco de la iniciativa impulsada por el Ministerio de Energ\u00eda.<\/p>\n\n\n\n<p>El anuncio fue realizado por la alcaldesa Javiera Y\u00e1\u00f1ez Rebolledo, quien valor\u00f3 la incorporaci\u00f3n de la comuna y agradeci\u00f3 al ministro Diego Pardow por considerar a Curaco en este plan que promueve la transici\u00f3n energ\u00e9tica con participaci\u00f3n ciudadana.<\/p>\n\n\n\n<p>\u201cEs una gran noticia para nuestra comuna. Nos permitir\u00e1 avanzar hacia una energ\u00eda m\u00e1s limpia, accesible y con beneficios reales para nuestros vecinos\u201d, se\u00f1al\u00f3 la autoridad comunal.<\/p>\n\n\n\n<p>Debido al alto n\u00famero de postulaciones recibidas, el ministerio seleccion\u00f3 a 59 comunas del pa\u00eds donde se dise\u00f1ar\u00e1n proyectos de propiedad conjunta. Estos estar\u00e1n acompa\u00f1ados de asistencia t\u00e9cnica especializada para los equipos municipales, entre junio de 2025 y febrero de 2026.<\/p>\n\n\n\n<p>La iniciativa busca impulsar la generaci\u00f3n de energ\u00eda solar a nivel local, fomentando la equidad energ\u00e9tica, la reducci\u00f3n de costos y el desarrollo sostenible de los territorios.<\/p>\n","protected":false},"excerpt":{"rendered":"<p>Curaco de V\u00e9lez fue confirmada como una de las 59 comunas seleccionadas a nivel nacional \u2014y una de las siete en la regi\u00f3n de Los Lagos\u2014 que ser\u00e1n parte del dise\u00f1o de proyectos de parques solares comunitarios, en el marco de la iniciativa impulsada por el Ministerio de Energ\u00eda. El anuncio fue realizado por la [&hellip;]<\/p>\n","protected":false},"author":1,"featured_media":6106,"comment_status":"closed","ping_status":"closed","sticky":false,"template":"","format":"standard","meta":{"footnotes":""},"categories":[21],"tags":[],"class_list":["post-6105","post","type-post","status-publish","format-standard","has-post-thumbnail","hentry","category-noticias"],"_links":{"self":[{"href":"https:\/\/curacodevelez.cl\/web\/wp-json\/wp\/v2\/posts\/6105","targetHints":{"allow":["GET"]}}],"collection":[{"href":"https:\/\/curacodevelez.cl\/web\/wp-json\/wp\/v2\/posts"}],"about":[{"href":"https:\/\/curacodevelez.cl\/web\/wp-json\/wp\/v2\/types\/post"}],"author":[{"embeddable":true,"href":"https:\/\/curacodevelez.cl\/web\/wp-json\/wp\/v2\/users\/1"}],"replies":[{"embeddable":true,"href":"https:\/\/curacodevelez.cl\/web\/wp-json\/wp\/v2\/comments?post=6105"}],"version-history":[{"count":2,"href":"https:\/\/curacodevelez.cl\/web\/wp-json\/wp\/v2\/posts\/6105\/revisions"}],"predecessor-version":[{"id":6108,"href":"https:\/\/curacodevelez.cl\/web\/wp-json\/wp\/v2\/posts\/6105\/revisions\/6108"}],"wp:featuredmedia":[{"embeddable":true,"href":"https:\/\/curacodevelez.cl\/web\/wp-json\/wp\/v2\/media\/6106"}],"wp:attachment":[{"href":"https:\/\/curacodevelez.cl\/web\/wp-json\/wp\/v2\/media?parent=6105"}],"wp:term":[{"taxonomy":"category","embeddable":true,"href":"https:\/\/curacodevelez.cl\/web\/wp-json\/wp\/v2\/categories?post=6105"},{"taxonomy":"post_tag","embeddable":true,"href":"https:\/\/curacodevelez.cl\/web\/wp-json\/wp\/v2\/tags?post=6105"}],"curies":[{"name":"wp","href":"https:\/\/api.w.org\/{rel}","templated":true}]}}