{"id":6066,"date":"2025-03-24T13:03:33","date_gmt":"2025-03-24T13:03:33","guid":{"rendered":"https:\/\/chiloestreaming.com\/enfold\/?p=6066"},"modified":"2025-03-24T13:03:34","modified_gmt":"2025-03-24T13:03:34","slug":"dialogo-ciudadano-en-curaco-de-velez-aborda-el-pago-de-pension-de-alimentos-en-el-mes-de-la-mujer","status":"publish","type":"post","link":"https:\/\/curacodevelez.cl\/web\/dialogo-ciudadano-en-curaco-de-velez-aborda-el-pago-de-pension-de-alimentos-en-el-mes-de-la-mujer\/","title":{"rendered":"Di\u00e1logo Ciudadano en Curaco de V\u00e9lez aborda el Pago de Pensi\u00f3n de Alimentos en el mes de la Mujer"},"content":{"rendered":"\n<p>En el marco del Mes de la Mujer, la Municipalidad de Curaco de V\u00e9lez, en colaboraci\u00f3n con el equipo del Programa Gobierno en Terreno de la Delegaci\u00f3n Presidencial de Chilo\u00e9 y la Divisi\u00f3n de Organizaciones Sociales del Ministerio Secretar\u00eda General de Gobierno, realiz\u00f3 un Di\u00e1logo Ciudadano sobre el Pago de Pensi\u00f3n de Alimentos. En representaci\u00f3n de la alcaldesa Javiera Y\u00e1nez estuvo presente la directora de Desarrollo Comunitario, Marcela Subiabre.<\/p>\n\n\n\n<p>Este evento, que se llev\u00f3 a cabo en el ex sal\u00f3n de Fomento Productivo, cont\u00f3 con la participaci\u00f3n de mujeres de la comuna, quienes pudieron realizar consultas y obtener orientaci\u00f3n sobre sus derechos y opciones existentes para hacer el cobro de las pensiones alimenticias adeudadas.<\/p>\n\n\n\n<p>Durante la charla, se inform\u00f3 sobre la Ley de Responsabilidad Parental y Pago Efectivo de Deudas de Pensiones de Alimentos, que busca brindar una soluci\u00f3n a la demanda hist\u00f3rica de las mujeres que asumen la responsabilidad de cobrar los fondos que le corresponden a sus hijos. Esta ley permite, entre otras cosas, la retenci\u00f3n de dineros de las cuentas bancarias y otros instrumentos financieros del deudor para pagar las pensiones alimenticias que se deben.<\/p>\n\n\n\n<p>Fernanda Rodr\u00edguez, integrante del equipo de la Divisi\u00f3n de Organizaciones Sociales de la regi\u00f3n de Los Lagos, destac\u00f3 la concreci\u00f3n de este di\u00e1logo. \"Hubo bastantes interacciones, nos pudimos dar cuenta de que la realidad que viven miles de mujeres se replica a lo largo de todo nuestro territorio. Son muchas las consultas que repiten que es el no pago, \u00bfqu\u00e9 hacer cuando la persona no tiene fondos en sus cuentas bancarias o trabaja sin contrato?, y eso nos reluce la realidad del pa\u00eds y gracias a esta ley como Gobierno podemos dar respuesta a esta necesidad que surge y que viene a respaldar y proteger a miles de ni\u00f1os y adolescentes y a sus cuidadoras\".<\/p>\n\n\n\n<p>En esa l\u00ednea, Rodr\u00edguez resalt\u00f3 que la Municipalidad de Curaco de V\u00e9lez se involucre en la convocatoria a fin de acercar esta informaci\u00f3n a la ciudadan\u00eda. \"Es muy importante para nosotros que la vinculaci\u00f3n que existe entre el municipio y las organizaciones sociales en estas importantes charlas es fundamental. Esto responde al compromiso que tiene el municipio con sus dirigencias y sobre todo con las mujeres de la comuna\".<\/p>\n\n\n\n<p>Las funcionarias municipales del \u00e1rea social tambi\u00e9n tuvieron la oportunidad de capacitarse en este \u00e1mbito, lo que les permitir\u00e1 brindar informaci\u00f3n y orientaci\u00f3n a la comunidad y sus usuarias sobre esta importante tem\u00e1tica.<\/p>\n","protected":false},"excerpt":{"rendered":"<p>En el marco del Mes de la Mujer, la Municipalidad de Curaco de V\u00e9lez, en colaboraci\u00f3n con el equipo del Programa Gobierno en Terreno de la Delegaci\u00f3n Presidencial de Chilo\u00e9 y la Divisi\u00f3n de Organizaciones Sociales del Ministerio Secretar\u00eda General de Gobierno, realiz\u00f3 un Di\u00e1logo Ciudadano sobre el Pago de Pensi\u00f3n de Alimentos. En representaci\u00f3n [&hellip;]<\/p>\n","protected":false},"author":1,"featured_media":6067,"comment_status":"closed","ping_status":"closed","sticky":false,"template":"","format":"standard","meta":{"footnotes":""},"categories":[21],"tags":[],"class_list":["post-6066","post","type-post","status-publish","format-standard","has-post-thumbnail","hentry","category-noticias"],"_links":{"self":[{"href":"https:\/\/curacodevelez.cl\/web\/wp-json\/wp\/v2\/posts\/6066","targetHints":{"allow":["GET"]}}],"collection":[{"href":"https:\/\/curacodevelez.cl\/web\/wp-json\/wp\/v2\/posts"}],"about":[{"href":"https:\/\/curacodevelez.cl\/web\/wp-json\/wp\/v2\/types\/post"}],"author":[{"embeddable":true,"href":"https:\/\/curacodevelez.cl\/web\/wp-json\/wp\/v2\/users\/1"}],"replies":[{"embeddable":true,"href":"https:\/\/curacodevelez.cl\/web\/wp-json\/wp\/v2\/comments?post=6066"}],"version-history":[{"count":1,"href":"https:\/\/curacodevelez.cl\/web\/wp-json\/wp\/v2\/posts\/6066\/revisions"}],"predecessor-version":[{"id":6068,"href":"https:\/\/curacodevelez.cl\/web\/wp-json\/wp\/v2\/posts\/6066\/revisions\/6068"}],"wp:featuredmedia":[{"embeddable":true,"href":"https:\/\/curacodevelez.cl\/web\/wp-json\/wp\/v2\/media\/6067"}],"wp:attachment":[{"href":"https:\/\/curacodevelez.cl\/web\/wp-json\/wp\/v2\/media?parent=6066"}],"wp:term":[{"taxonomy":"category","embeddable":true,"href":"https:\/\/curacodevelez.cl\/web\/wp-json\/wp\/v2\/categories?post=6066"},{"taxonomy":"post_tag","embeddable":true,"href":"https:\/\/curacodevelez.cl\/web\/wp-json\/wp\/v2\/tags?post=6066"}],"curies":[{"name":"wp","href":"https:\/\/api.w.org\/{rel}","templated":true}]}}