{"id":3268,"date":"2024-07-05T20:07:56","date_gmt":"2024-07-05T20:07:56","guid":{"rendered":"https:\/\/chiloestreaming.com\/enfold\/?p=3268"},"modified":"2024-07-05T20:07:56","modified_gmt":"2024-07-05T20:07:56","slug":"entregan-equipos-audiovisuales-a-dos-escuelas-de-curaco-de-velez","status":"publish","type":"post","link":"https:\/\/curacodevelez.cl\/web\/entregan-equipos-audiovisuales-a-dos-escuelas-de-curaco-de-velez\/","title":{"rendered":"Entregan equipos audiovisuales a dos escuelas de Curaco de V\u00e9lez"},"content":{"rendered":"\n<p>A trav\u00e9s del programa \u201cEscuela con Energ\u00eda\u201d la empresa Saesa hizo entrega de equipos audiovisuales a estudiantes de dos escuelas rurales de Curaco de V\u00e9lez y Quemchi.Los alumnos favorecidos corresponden a las escuelas curacanas de Huenao y Tolquien m\u00e1s la unidad educativa quemchina de Montemar.<\/p>\n\n\n\n<p>En estas visitas, se entregaron equipos audiovisuales para aportar en el desarrollo de las clases impartidas por profesores y tambi\u00e9n instrumentos musicales y materiales did\u00e1cticos para potenciar el enfoque art\u00edstico de las comunidades educativas.A este respecto el gerente de Saesa en Chilo\u00e9, Pablo Mill\u00e1n, resalt\u00f3 la importancia de este programa y su continuo impacto positivo en los vecinos.<\/p>\n\n\n\n<p>\u00abEstamos felices de seguir apoyando a las escuelas rurales de la provincia. Durante m\u00e1s de una d\u00e9cada, hemos trabajado en estrecha colaboraci\u00f3n con estas comunidades para fortalecer el acceso a recursos educativos y seguiremos comprometidos con esta causa. Estas son las primeras tres de las doce visitas que realizaremos beneficiando diversos establecimientos educacionales en Chilo\u00e9\u201d, afirm\u00f3 Mill\u00e1n.<\/p>\n\n\n\n<p>Desde la Escuela Rural de Huenao, su director Cristian Cona, subray\u00f3 la importancia de brindar oportunidades equitativas, independientemente de la ubicaci\u00f3n geogr\u00e1fica.\u00bbAgradecer los recursos que nos dieron, son pocos ni\u00f1os, pero igual necesitan las mismas oportunidades que el resto. El televisor nos servir\u00e1 porque lo dejaremos en la sala multiuso donde podr\u00e1n poner m\u00fasica, documentales o preparar un punto art\u00edstico, ya que se viene el invierno y no contamos con un gimnasio. As\u00ed que van a poder recrearse entre ellos\u201d, manifest\u00f3 el docente.<\/p>\n\n\n\n<p>Por su parte la alcaldesa de Curaco de V\u00e9lez, Javiera Y\u00e1\u00f1ez, resalt\u00f3 &nbsp;el compromiso de Saesa con la educaci\u00f3n p\u00fablica y las escuelas rurales enfatizando que \u201cme parece muy bien que se est\u00e9 aportando donde m\u00e1s se necesita, que son las escuelas rurales y la educaci\u00f3n p\u00fablica, as\u00ed que muy agradecidos del compromiso de siempre de Saesa\u201d.<\/p>\n\n\n\n<p><a href=\"https:\/\/www.facebook.com\/sharer.php?u=https:\/\/curacodevelez.cl\/2014\/?p=13955\" target=\"_blank\" rel=\"noreferrer noopener\"><\/a><\/p>\n","protected":false},"excerpt":{"rendered":"<p>A trav\u00e9s del programa \u201cEscuela con Energ\u00eda\u201d la empresa Saesa hizo entrega de equipos audiovisuales a estudiantes de dos escuelas rurales de Curaco de V\u00e9lez y Quemchi.Los alumnos favorecidos corresponden a las escuelas curacanas de Huenao y Tolquien m\u00e1s la unidad educativa quemchina de Montemar. En estas visitas, se entregaron equipos audiovisuales para aportar en [&hellip;]<\/p>\n","protected":false},"author":1,"featured_media":3269,"comment_status":"open","ping_status":"open","sticky":false,"template":"","format":"standard","meta":{"footnotes":""},"categories":[21],"tags":[],"class_list":["post-3268","post","type-post","status-publish","format-standard","has-post-thumbnail","hentry","category-noticias"],"_links":{"self":[{"href":"https:\/\/curacodevelez.cl\/web\/wp-json\/wp\/v2\/posts\/3268","targetHints":{"allow":["GET"]}}],"collection":[{"href":"https:\/\/curacodevelez.cl\/web\/wp-json\/wp\/v2\/posts"}],"about":[{"href":"https:\/\/curacodevelez.cl\/web\/wp-json\/wp\/v2\/types\/post"}],"author":[{"embeddable":true,"href":"https:\/\/curacodevelez.cl\/web\/wp-json\/wp\/v2\/users\/1"}],"replies":[{"embeddable":true,"href":"https:\/\/curacodevelez.cl\/web\/wp-json\/wp\/v2\/comments?post=3268"}],"version-history":[{"count":1,"href":"https:\/\/curacodevelez.cl\/web\/wp-json\/wp\/v2\/posts\/3268\/revisions"}],"predecessor-version":[{"id":3270,"href":"https:\/\/curacodevelez.cl\/web\/wp-json\/wp\/v2\/posts\/3268\/revisions\/3270"}],"wp:featuredmedia":[{"embeddable":true,"href":"https:\/\/curacodevelez.cl\/web\/wp-json\/wp\/v2\/media\/3269"}],"wp:attachment":[{"href":"https:\/\/curacodevelez.cl\/web\/wp-json\/wp\/v2\/media?parent=3268"}],"wp:term":[{"taxonomy":"category","embeddable":true,"href":"https:\/\/curacodevelez.cl\/web\/wp-json\/wp\/v2\/categories?post=3268"},{"taxonomy":"post_tag","embeddable":true,"href":"https:\/\/curacodevelez.cl\/web\/wp-json\/wp\/v2\/tags?post=3268"}],"curies":[{"name":"wp","href":"https:\/\/api.w.org\/{rel}","templated":true}]}}